{"id":37461,"date":"2025-11-24T16:41:36","date_gmt":"2025-11-24T15:41:36","guid":{"rendered":"https:\/\/socjologia.uwr.edu.pl\/?p=37461"},"modified":"2025-11-24T16:44:09","modified_gmt":"2025-11-24T15:44:09","slug":"prof-dragan-bagics-visit","status":"publish","type":"post","link":"https:\/\/socjologia.uwr.edu.pl\/en\/2025\/11\/24\/prof-dragan-bagics-visit\/","title":{"rendered":"Prof. Dragan Bagi\u0107\u2019s visit"},"content":{"rendered":"\n<p>On 17\u201321 November 2025, Prof. Dragan Bagi\u0107 from the Faculty of Sociology at the University of Zagreb visited the Institute of Sociology. The visit took place as part of the CEEPUS Border and Regional Studies Network <a href=\"https:\/\/inopia.uni.opole.pl\/border-and-regional-studies-network\/\">https:\/\/inopia.uni.opole.pl\/border-and-regional-studies-network\/<\/a> and was coordinated by Prof. El\u017cbieta Opi\u0142owska and Amirhosein Hayati.<\/p>\n\n\n\n<p>Prof. Dragan Bagi\u0107, Full Professor at the Department of Sociology, Faculty of Humanities and Social Sciences, University of Zagreb, visited the Institute of Sociology at the University of Wroc\u0142aw this week. Prof. Bagi\u0107 is a distinguished scholar whose work spans political sociology, migration studies, industrial relations, and research methodology. He is a laureate of the Croatian State Award for Science and currently serves as the National Coordinator of the European Social Survey for Croatia (ESS-ERIC). Alongside his extensive scientific and teaching activities, he has contributed significantly to the development of the academic system in Croatia through his service on key national councils and university bodies.<\/p>\n\n\n\n<p>During his visit, Prof. Bagi\u0107 delivered lectures on the politicization of migration in contemporary Europe. He examined how migration has become one of the most influential political topics of the past decade, shaping public discourse, electoral dynamics, and the growth of populist and radical right-wing movements. Focusing in particular on Croatia\u2019s ongoing shift from an emigration country to an immigration country, he outlined the changing patterns of migration politicization and explained why certain expected forms of political mobilization have not materialized despite their apparent potential. His talk combined conceptual analysis with concrete case studies of politicization campaigns and moments when such campaigns were notably absent.<\/p>\n\n\n\n<p>Following the lectures, an engaging discussion took place, including a Q&amp;A session in which students and staff posed questions about comparative migration processes, political narratives, and methodological approaches. The exchange offered an excellent opportunity for deeper reflection and dialogue.<\/p>\n\n\n\n<p>Prof. Bagi\u0107\u2019s visit contributed to a richer understanding of migration dynamics in Central and Southeastern Europe and further strengthened the academic cooperation between the University of Zagreb and the University of Wroc\u0142aw. &#8220;<\/p>\n\n\n\n<div class=\"wp-block-group is-layout-constrained wp-block-group-is-layout-constrained\"><div class=\"wp-block-group__inner-container\">\n<div class=\"wp-block-group alignfull is-layout-constrained wp-block-group-is-layout-constrained\"><div class=\"wp-block-group__inner-container\">\n<figure class=\"wp-block-gallery aligncenter has-nested-images columns-default is-cropped wp-block-gallery-2 is-layout-flex wp-block-gallery-is-layout-flex\">\n<figure class=\"wp-block-image size-large\"><img loading=\"lazy\" decoding=\"async\" width=\"640\" height=\"288\" data-id=\"37398\" src=\"https:\/\/socjologia.uwr.edu.pl\/wp-content\/uploads\/sites\/393\/2025\/11\/20251118_115539.jpeg\" alt=\"prof. Bagi\u0107\" class=\"wp-image-37398\" srcset=\"https:\/\/socjologia.uwr.edu.pl\/wp-content\/uploads\/sites\/393\/2025\/11\/20251118_115539.jpeg 640w, https:\/\/socjologia.uwr.edu.pl\/wp-content\/uploads\/sites\/393\/2025\/11\/20251118_115539-300x135.jpeg 300w, https:\/\/socjologia.uwr.edu.pl\/wp-content\/uploads\/sites\/393\/2025\/11\/20251118_115539-24x11.jpeg 24w, https:\/\/socjologia.uwr.edu.pl\/wp-content\/uploads\/sites\/393\/2025\/11\/20251118_115539-36x16.jpeg 36w, https:\/\/socjologia.uwr.edu.pl\/wp-content\/uploads\/sites\/393\/2025\/11\/20251118_115539-48x22.jpeg 48w\" sizes=\"auto, (max-width: 640px) 100vw, 640px\" \/><\/figure>\n\n\n\n<figure class=\"wp-block-image size-large\"><img loading=\"lazy\" decoding=\"async\" width=\"640\" height=\"480\" data-id=\"37404\" src=\"https:\/\/socjologia.uwr.edu.pl\/wp-content\/uploads\/sites\/393\/2025\/11\/IMG-20251119-WA0002.jpeg\" alt=\"DB2\" class=\"wp-image-37404\" srcset=\"https:\/\/socjologia.uwr.edu.pl\/wp-content\/uploads\/sites\/393\/2025\/11\/IMG-20251119-WA0002.jpeg 640w, https:\/\/socjologia.uwr.edu.pl\/wp-content\/uploads\/sites\/393\/2025\/11\/IMG-20251119-WA0002-300x225.jpeg 300w, https:\/\/socjologia.uwr.edu.pl\/wp-content\/uploads\/sites\/393\/2025\/11\/IMG-20251119-WA0002-24x18.jpeg 24w, https:\/\/socjologia.uwr.edu.pl\/wp-content\/uploads\/sites\/393\/2025\/11\/IMG-20251119-WA0002-36x27.jpeg 36w, https:\/\/socjologia.uwr.edu.pl\/wp-content\/uploads\/sites\/393\/2025\/11\/IMG-20251119-WA0002-48x36.jpeg 48w\" sizes=\"auto, (max-width: 640px) 100vw, 640px\" \/><\/figure>\n\n\n\n<figure class=\"wp-block-image size-large\"><img loading=\"lazy\" decoding=\"async\" width=\"640\" height=\"288\" data-id=\"37410\" src=\"https:\/\/socjologia.uwr.edu.pl\/wp-content\/uploads\/sites\/393\/2025\/11\/20251118_115537.jpeg\" alt=\"DB3\" class=\"wp-image-37410\" srcset=\"https:\/\/socjologia.uwr.edu.pl\/wp-content\/uploads\/sites\/393\/2025\/11\/20251118_115537.jpeg 640w, https:\/\/socjologia.uwr.edu.pl\/wp-content\/uploads\/sites\/393\/2025\/11\/20251118_115537-300x135.jpeg 300w, https:\/\/socjologia.uwr.edu.pl\/wp-content\/uploads\/sites\/393\/2025\/11\/20251118_115537-24x11.jpeg 24w, https:\/\/socjologia.uwr.edu.pl\/wp-content\/uploads\/sites\/393\/2025\/11\/20251118_115537-36x16.jpeg 36w, https:\/\/socjologia.uwr.edu.pl\/wp-content\/uploads\/sites\/393\/2025\/11\/20251118_115537-48x22.jpeg 48w\" sizes=\"auto, (max-width: 640px) 100vw, 640px\" \/><\/figure>\n\n\n\n<figure class=\"wp-block-image size-large\"><img loading=\"lazy\" decoding=\"async\" width=\"640\" height=\"288\" data-id=\"37416\" src=\"https:\/\/socjologia.uwr.edu.pl\/wp-content\/uploads\/sites\/393\/2025\/11\/20251118_115519.jpeg\" alt=\"DB4\" class=\"wp-image-37416\" srcset=\"https:\/\/socjologia.uwr.edu.pl\/wp-content\/uploads\/sites\/393\/2025\/11\/20251118_115519.jpeg 640w, https:\/\/socjologia.uwr.edu.pl\/wp-content\/uploads\/sites\/393\/2025\/11\/20251118_115519-300x135.jpeg 300w, https:\/\/socjologia.uwr.edu.pl\/wp-content\/uploads\/sites\/393\/2025\/11\/20251118_115519-24x11.jpeg 24w, https:\/\/socjologia.uwr.edu.pl\/wp-content\/uploads\/sites\/393\/2025\/11\/20251118_115519-36x16.jpeg 36w, https:\/\/socjologia.uwr.edu.pl\/wp-content\/uploads\/sites\/393\/2025\/11\/20251118_115519-48x22.jpeg 48w\" sizes=\"auto, (max-width: 640px) 100vw, 640px\" \/><\/figure>\n\n\n\n<figure class=\"wp-block-image size-large\"><img loading=\"lazy\" decoding=\"async\" width=\"640\" height=\"288\" data-id=\"37422\" src=\"https:\/\/socjologia.uwr.edu.pl\/wp-content\/uploads\/sites\/393\/2025\/11\/20251118_114254.jpeg\" alt=\"DB5\" class=\"wp-image-37422\" srcset=\"https:\/\/socjologia.uwr.edu.pl\/wp-content\/uploads\/sites\/393\/2025\/11\/20251118_114254.jpeg 640w, https:\/\/socjologia.uwr.edu.pl\/wp-content\/uploads\/sites\/393\/2025\/11\/20251118_114254-300x135.jpeg 300w, https:\/\/socjologia.uwr.edu.pl\/wp-content\/uploads\/sites\/393\/2025\/11\/20251118_114254-24x11.jpeg 24w, https:\/\/socjologia.uwr.edu.pl\/wp-content\/uploads\/sites\/393\/2025\/11\/20251118_114254-36x16.jpeg 36w, https:\/\/socjologia.uwr.edu.pl\/wp-content\/uploads\/sites\/393\/2025\/11\/20251118_114254-48x22.jpeg 48w\" sizes=\"auto, (max-width: 640px) 100vw, 640px\" \/><\/figure>\n\n\n\n<figure class=\"wp-block-image size-large\"><img loading=\"lazy\" decoding=\"async\" width=\"640\" height=\"288\" data-id=\"37428\" src=\"https:\/\/socjologia.uwr.edu.pl\/wp-content\/uploads\/sites\/393\/2025\/11\/20251118_115518.jpeg\" alt=\"DB6\" class=\"wp-image-37428\" srcset=\"https:\/\/socjologia.uwr.edu.pl\/wp-content\/uploads\/sites\/393\/2025\/11\/20251118_115518.jpeg 640w, https:\/\/socjologia.uwr.edu.pl\/wp-content\/uploads\/sites\/393\/2025\/11\/20251118_115518-300x135.jpeg 300w, https:\/\/socjologia.uwr.edu.pl\/wp-content\/uploads\/sites\/393\/2025\/11\/20251118_115518-24x11.jpeg 24w, https:\/\/socjologia.uwr.edu.pl\/wp-content\/uploads\/sites\/393\/2025\/11\/20251118_115518-36x16.jpeg 36w, https:\/\/socjologia.uwr.edu.pl\/wp-content\/uploads\/sites\/393\/2025\/11\/20251118_115518-48x22.jpeg 48w\" sizes=\"auto, (max-width: 640px) 100vw, 640px\" \/><\/figure>\n\n\n\n<figure class=\"wp-block-image size-large\"><img loading=\"lazy\" decoding=\"async\" width=\"640\" height=\"288\" data-id=\"37434\" src=\"https:\/\/socjologia.uwr.edu.pl\/wp-content\/uploads\/sites\/393\/2025\/11\/20251118_115548.jpeg\" alt=\"DB7\" class=\"wp-image-37434\" srcset=\"https:\/\/socjologia.uwr.edu.pl\/wp-content\/uploads\/sites\/393\/2025\/11\/20251118_115548.jpeg 640w, https:\/\/socjologia.uwr.edu.pl\/wp-content\/uploads\/sites\/393\/2025\/11\/20251118_115548-300x135.jpeg 300w, https:\/\/socjologia.uwr.edu.pl\/wp-content\/uploads\/sites\/393\/2025\/11\/20251118_115548-24x11.jpeg 24w, https:\/\/socjologia.uwr.edu.pl\/wp-content\/uploads\/sites\/393\/2025\/11\/20251118_115548-36x16.jpeg 36w, https:\/\/socjologia.uwr.edu.pl\/wp-content\/uploads\/sites\/393\/2025\/11\/20251118_115548-48x22.jpeg 48w\" sizes=\"auto, (max-width: 640px) 100vw, 640px\" \/><\/figure>\n<\/figure>\n<\/div><\/div>\n<\/div><\/div>\n","protected":false},"excerpt":{"rendered":"<p>On 17\u201321 November 2025, Prof. Dragan Bagi\u0107 from the Faculty of Sociology at the University of Zagreb visited the Institute of Sociology. The visit took place as part of the CEEPUS Border and Regional Studies Network https:\/\/inopia.uni.opole.pl\/border-and-regional-studies-network\/ and was coordinated by Prof. El\u017cbieta Opi\u0142owska and Amirhosein Hayati. Prof. Dragan Bagi\u0107, Full Professor at the Department [&hellip;]<\/p>\n","protected":false},"author":1839,"featured_media":37398,"comment_status":"closed","ping_status":"open","sticky":false,"template":"","format":"standard","meta":{"_acf_changed":false,"inline_featured_image":false,"site-sidebar-layout":"default","site-content-layout":"","ast-site-content-layout":"default","site-content-style":"default","site-sidebar-style":"default","ast-global-header-display":"","ast-banner-title-visibility":"","ast-main-header-display":"","ast-hfb-above-header-display":"","ast-hfb-below-header-display":"","ast-hfb-mobile-header-display":"","site-post-title":"","ast-breadcrumbs-content":"","ast-featured-img":"","footer-sml-layout":"","ast-disable-related-posts":"","theme-transparent-header-meta":"","adv-header-id-meta":"","stick-header-meta":"","header-above-stick-meta":"","header-main-stick-meta":"","header-below-stick-meta":"","astra-migrate-meta-layouts":"set","ast-page-background-enabled":"default","ast-page-background-meta":{"desktop":{"background-color":"","background-image":"","background-repeat":"repeat","background-position":"center center","background-size":"auto","background-attachment":"scroll","background-type":"","background-media":"","overlay-type":"","overlay-color":"","overlay-opacity":"","overlay-gradient":""},"tablet":{"background-color":"","background-image":"","background-repeat":"repeat","background-position":"center center","background-size":"auto","background-attachment":"scroll","background-type":"","background-media":"","overlay-type":"","overlay-color":"","overlay-opacity":"","overlay-gradient":""},"mobile":{"background-color":"","background-image":"","background-repeat":"repeat","background-position":"center center","background-size":"auto","background-attachment":"scroll","background-type":"","background-media":"","overlay-type":"","overlay-color":"","overlay-opacity":"","overlay-gradient":""}},"ast-content-background-meta":{"desktop":{"background-color":"var(--ast-global-color-5)","background-image":"","background-repeat":"repeat","background-position":"center center","background-size":"auto","background-attachment":"scroll","background-type":"","background-media":"","overlay-type":"","overlay-color":"","overlay-opacity":"","overlay-gradient":""},"tablet":{"background-color":"var(--ast-global-color-5)","background-image":"","background-repeat":"repeat","background-position":"center center","background-size":"auto","background-attachment":"scroll","background-type":"","background-media":"","overlay-type":"","overlay-color":"","overlay-opacity":"","overlay-gradient":""},"mobile":{"background-color":"var(--ast-global-color-5)","background-image":"","background-repeat":"repeat","background-position":"center center","background-size":"auto","background-attachment":"scroll","background-type":"","background-media":"","overlay-type":"","overlay-color":"","overlay-opacity":"","overlay-gradient":""}},"footnotes":""},"categories":[280],"tags":[],"class_list":["post-37461","post","type-post","status-publish","format-standard","has-post-thumbnail","hentry","category-news"],"featured_image_urls_v2":{"full":["https:\/\/socjologia.uwr.edu.pl\/wp-content\/uploads\/sites\/393\/2025\/11\/20251118_115539.jpeg",640,288,false],"thumbnail":["https:\/\/socjologia.uwr.edu.pl\/wp-content\/uploads\/sites\/393\/2025\/11\/20251118_115539-150x150.jpeg",150,150,true],"medium":["https:\/\/socjologia.uwr.edu.pl\/wp-content\/uploads\/sites\/393\/2025\/11\/20251118_115539-300x135.jpeg",300,135,true],"medium_large":["https:\/\/socjologia.uwr.edu.pl\/wp-content\/uploads\/sites\/393\/2025\/11\/20251118_115539.jpeg",640,288,false],"large":["https:\/\/socjologia.uwr.edu.pl\/wp-content\/uploads\/sites\/393\/2025\/11\/20251118_115539.jpeg",640,288,false],"1536x1536":["https:\/\/socjologia.uwr.edu.pl\/wp-content\/uploads\/sites\/393\/2025\/11\/20251118_115539.jpeg",640,288,false],"2048x2048":["https:\/\/socjologia.uwr.edu.pl\/wp-content\/uploads\/sites\/393\/2025\/11\/20251118_115539.jpeg",640,288,false],"menu-24x24":["https:\/\/socjologia.uwr.edu.pl\/wp-content\/uploads\/sites\/393\/2025\/11\/20251118_115539-24x11.jpeg",24,11,true],"menu-36x36":["https:\/\/socjologia.uwr.edu.pl\/wp-content\/uploads\/sites\/393\/2025\/11\/20251118_115539-36x16.jpeg",36,16,true],"menu-48x48":["https:\/\/socjologia.uwr.edu.pl\/wp-content\/uploads\/sites\/393\/2025\/11\/20251118_115539-48x22.jpeg",48,22,true]},"post_excerpt_stackable_v2":"<p>On 17\u201321 November 2025, Prof. Dragan Bagi\u0107 from the Faculty of Sociology at the University of Zagreb visited the Institute of Sociology. The visit took place as part of the CEEPUS Border and Regional Studies Network https:\/\/inopia.uni.opole.pl\/border-and-regional-studies-network\/ and was coordinated by Prof. El\u017cbieta Opi\u0142owska and Amirhosein Hayati. Prof. Dragan Bagi\u0107, Full Professor at the Department of Sociology, Faculty of Humanities and Social Sciences, University of Zagreb, visited the Institute of Sociology at the University of Wroc\u0142aw this week. Prof. Bagi\u0107 is a distinguished scholar whose work spans political sociology, migration studies, industrial relations, and research methodology. He is a laureate&hellip;<\/p>\n","category_list_v2":"<a href=\"https:\/\/socjologia.uwr.edu.pl\/en\/category\/news\/\" rel=\"category tag\">News<\/a>","author_info_v2":{"name":"ppienkowski","url":"https:\/\/socjologia.uwr.edu.pl\/en\/author\/ppienkowski\/"},"comments_num_v2":"0 comments","acf":[],"yoast_head":"<!-- This site is optimized with the Yoast SEO plugin v27.1.1 - https:\/\/yoast.com\/product\/yoast-seo-wordpress\/ -->\n<title>Prof. Dragan Bagi\u0107\u2019s visit - Institute of Sociology<\/title>\n<meta name=\"robots\" content=\"index, follow, max-snippet:-1, max-image-preview:large, max-video-preview:-1\" \/>\n<link rel=\"canonical\" href=\"https:\/\/socjologia.uwr.edu.pl\/en\/2025\/11\/24\/prof-dragan-bagics-visit\/\" \/>\n<meta property=\"og:locale\" content=\"en_US\" \/>\n<meta property=\"og:type\" content=\"article\" \/>\n<meta property=\"og:title\" content=\"Prof. Dragan Bagi\u0107\u2019s visit - Institute of Sociology\" \/>\n<meta property=\"og:description\" content=\"On 17\u201321 November 2025, Prof. Dragan Bagi\u0107 from the Faculty of Sociology at the University of Zagreb visited the Institute of Sociology. The visit took place as part of the CEEPUS Border and Regional Studies Network https:\/\/inopia.uni.opole.pl\/border-and-regional-studies-network\/ and was coordinated by Prof. El\u017cbieta Opi\u0142owska and Amirhosein Hayati. Prof. Dragan Bagi\u0107, Full Professor at the Department [&hellip;]\" \/>\n<meta property=\"og:url\" content=\"https:\/\/socjologia.uwr.edu.pl\/en\/2025\/11\/24\/prof-dragan-bagics-visit\/\" \/>\n<meta property=\"og:site_name\" content=\"Institute of Sociology\" \/>\n<meta property=\"article:published_time\" content=\"2025-11-24T15:41:36+00:00\" \/>\n<meta property=\"article:modified_time\" content=\"2025-11-24T15:44:09+00:00\" \/>\n<meta property=\"og:image\" content=\"https:\/\/socjologia.uwr.edu.pl\/wp-content\/uploads\/sites\/393\/2025\/11\/20251118_115539.jpeg\" \/>\n\t<meta property=\"og:image:width\" content=\"640\" \/>\n\t<meta property=\"og:image:height\" content=\"288\" \/>\n\t<meta property=\"og:image:type\" content=\"image\/jpeg\" \/>\n<meta name=\"author\" content=\"ppienkowski\" \/>\n<meta name=\"twitter:card\" content=\"summary_large_image\" \/>\n<meta name=\"twitter:label1\" content=\"Written by\" \/>\n\t<meta name=\"twitter:data1\" content=\"ppienkowski\" \/>\n\t<meta name=\"twitter:label2\" content=\"Est. reading time\" \/>\n\t<meta name=\"twitter:data2\" content=\"4 minutes\" \/>\n<script type=\"application\/ld+json\" class=\"yoast-schema-graph\">{\"@context\":\"https:\/\/schema.org\",\"@graph\":[{\"@type\":\"Article\",\"@id\":\"https:\/\/socjologia.uwr.edu.pl\/en\/2025\/11\/24\/prof-dragan-bagics-visit\/#article\",\"isPartOf\":{\"@id\":\"https:\/\/socjologia.uwr.edu.pl\/en\/2025\/11\/24\/prof-dragan-bagics-visit\/\"},\"author\":{\"name\":\"ppienkowski\",\"@id\":\"https:\/\/socjologia.uwr.edu.pl\/#\/schema\/person\/6b8459a658947460399bfc7daa6211d5\"},\"headline\":\"Prof. Dragan Bagi\u0107\u2019s visit\",\"datePublished\":\"2025-11-24T15:41:36+00:00\",\"dateModified\":\"2025-11-24T15:44:09+00:00\",\"mainEntityOfPage\":{\"@id\":\"https:\/\/socjologia.uwr.edu.pl\/en\/2025\/11\/24\/prof-dragan-bagics-visit\/\"},\"wordCount\":344,\"publisher\":{\"@id\":\"https:\/\/socjologia.uwr.edu.pl\/#organization\"},\"image\":{\"@id\":\"https:\/\/socjologia.uwr.edu.pl\/en\/2025\/11\/24\/prof-dragan-bagics-visit\/#primaryimage\"},\"thumbnailUrl\":\"https:\/\/socjologia.uwr.edu.pl\/wp-content\/uploads\/sites\/393\/2025\/11\/20251118_115539.jpeg\",\"articleSection\":[\"News\"],\"inLanguage\":\"en-US\"},{\"@type\":\"WebPage\",\"@id\":\"https:\/\/socjologia.uwr.edu.pl\/en\/2025\/11\/24\/prof-dragan-bagics-visit\/\",\"url\":\"https:\/\/socjologia.uwr.edu.pl\/en\/2025\/11\/24\/prof-dragan-bagics-visit\/\",\"name\":\"Prof. Dragan Bagi\u0107\u2019s visit - Institute of Sociology\",\"isPartOf\":{\"@id\":\"https:\/\/socjologia.uwr.edu.pl\/#website\"},\"primaryImageOfPage\":{\"@id\":\"https:\/\/socjologia.uwr.edu.pl\/en\/2025\/11\/24\/prof-dragan-bagics-visit\/#primaryimage\"},\"image\":{\"@id\":\"https:\/\/socjologia.uwr.edu.pl\/en\/2025\/11\/24\/prof-dragan-bagics-visit\/#primaryimage\"},\"thumbnailUrl\":\"https:\/\/socjologia.uwr.edu.pl\/wp-content\/uploads\/sites\/393\/2025\/11\/20251118_115539.jpeg\",\"datePublished\":\"2025-11-24T15:41:36+00:00\",\"dateModified\":\"2025-11-24T15:44:09+00:00\",\"breadcrumb\":{\"@id\":\"https:\/\/socjologia.uwr.edu.pl\/en\/2025\/11\/24\/prof-dragan-bagics-visit\/#breadcrumb\"},\"inLanguage\":\"en-US\",\"potentialAction\":[{\"@type\":\"ReadAction\",\"target\":[\"https:\/\/socjologia.uwr.edu.pl\/en\/2025\/11\/24\/prof-dragan-bagics-visit\/\"]}]},{\"@type\":\"ImageObject\",\"inLanguage\":\"en-US\",\"@id\":\"https:\/\/socjologia.uwr.edu.pl\/en\/2025\/11\/24\/prof-dragan-bagics-visit\/#primaryimage\",\"url\":\"https:\/\/socjologia.uwr.edu.pl\/wp-content\/uploads\/sites\/393\/2025\/11\/20251118_115539.jpeg\",\"contentUrl\":\"https:\/\/socjologia.uwr.edu.pl\/wp-content\/uploads\/sites\/393\/2025\/11\/20251118_115539.jpeg\",\"width\":640,\"height\":288,\"caption\":\"prof. Bagi\u0107\"},{\"@type\":\"BreadcrumbList\",\"@id\":\"https:\/\/socjologia.uwr.edu.pl\/en\/2025\/11\/24\/prof-dragan-bagics-visit\/#breadcrumb\",\"itemListElement\":[{\"@type\":\"ListItem\",\"position\":1,\"name\":\"Strona g\u0142\u00f3wna\",\"item\":\"https:\/\/socjologia.uwr.edu.pl\/en\/\"},{\"@type\":\"ListItem\",\"position\":2,\"name\":\"Prof. Dragan Bagi\u0107\u2019s visit\"}]},{\"@type\":\"WebSite\",\"@id\":\"https:\/\/socjologia.uwr.edu.pl\/#website\",\"url\":\"https:\/\/socjologia.uwr.edu.pl\/\",\"name\":\"Institute of Sociology\",\"description\":\"Kolejna witryna sieci \u201eUWR Witryny\u201d\",\"publisher\":{\"@id\":\"https:\/\/socjologia.uwr.edu.pl\/#organization\"},\"potentialAction\":[{\"@type\":\"SearchAction\",\"target\":{\"@type\":\"EntryPoint\",\"urlTemplate\":\"https:\/\/socjologia.uwr.edu.pl\/?s={search_term_string}\"},\"query-input\":{\"@type\":\"PropertyValueSpecification\",\"valueRequired\":true,\"valueName\":\"search_term_string\"}}],\"inLanguage\":\"en-US\"},{\"@type\":\"Organization\",\"@id\":\"https:\/\/socjologia.uwr.edu.pl\/#organization\",\"name\":\"Institute of Sociology\",\"url\":\"https:\/\/socjologia.uwr.edu.pl\/\",\"logo\":{\"@type\":\"ImageObject\",\"inLanguage\":\"en-US\",\"@id\":\"https:\/\/socjologia.uwr.edu.pl\/#\/schema\/logo\/image\/\",\"url\":\"https:\/\/socjologia.uwr.edu.pl\/wp-content\/uploads\/sites\/393\/2025\/10\/UWr-logotyp-2025.png\",\"contentUrl\":\"https:\/\/socjologia.uwr.edu.pl\/wp-content\/uploads\/sites\/393\/2025\/10\/UWr-logotyp-2025.png\",\"width\":764,\"height\":269,\"caption\":\"Institute of Sociology\"},\"image\":{\"@id\":\"https:\/\/socjologia.uwr.edu.pl\/#\/schema\/logo\/image\/\"}},{\"@type\":\"Person\",\"@id\":\"https:\/\/socjologia.uwr.edu.pl\/#\/schema\/person\/6b8459a658947460399bfc7daa6211d5\",\"name\":\"ppienkowski\",\"image\":{\"@type\":\"ImageObject\",\"inLanguage\":\"en-US\",\"@id\":\"https:\/\/socjologia.uwr.edu.pl\/#\/schema\/person\/image\/\",\"url\":\"https:\/\/secure.gravatar.com\/avatar\/8500f26799749cd9f8389a8b21f84c2f5309c27dc1bdfdbe87f9c0ec2d1b41b7?s=96&d=mm&r=g\",\"contentUrl\":\"https:\/\/secure.gravatar.com\/avatar\/8500f26799749cd9f8389a8b21f84c2f5309c27dc1bdfdbe87f9c0ec2d1b41b7?s=96&d=mm&r=g\",\"caption\":\"ppienkowski\"},\"url\":\"https:\/\/socjologia.uwr.edu.pl\/en\/author\/ppienkowski\/\"}]}<\/script>\n<!-- \/ Yoast SEO plugin. -->","yoast_head_json":{"title":"Prof. Dragan Bagi\u0107\u2019s visit - Institute of Sociology","robots":{"index":"index","follow":"follow","max-snippet":"max-snippet:-1","max-image-preview":"max-image-preview:large","max-video-preview":"max-video-preview:-1"},"canonical":"https:\/\/socjologia.uwr.edu.pl\/en\/2025\/11\/24\/prof-dragan-bagics-visit\/","og_locale":"en_US","og_type":"article","og_title":"Prof. Dragan Bagi\u0107\u2019s visit - Institute of Sociology","og_description":"On 17\u201321 November 2025, Prof. Dragan Bagi\u0107 from the Faculty of Sociology at the University of Zagreb visited the Institute of Sociology. The visit took place as part of the CEEPUS Border and Regional Studies Network https:\/\/inopia.uni.opole.pl\/border-and-regional-studies-network\/ and was coordinated by Prof. El\u017cbieta Opi\u0142owska and Amirhosein Hayati. Prof. Dragan Bagi\u0107, Full Professor at the Department [&hellip;]","og_url":"https:\/\/socjologia.uwr.edu.pl\/en\/2025\/11\/24\/prof-dragan-bagics-visit\/","og_site_name":"Institute of Sociology","article_published_time":"2025-11-24T15:41:36+00:00","article_modified_time":"2025-11-24T15:44:09+00:00","og_image":[{"width":640,"height":288,"url":"https:\/\/socjologia.uwr.edu.pl\/wp-content\/uploads\/sites\/393\/2025\/11\/20251118_115539.jpeg","type":"image\/jpeg"}],"author":"ppienkowski","twitter_card":"summary_large_image","twitter_misc":{"Written by":"ppienkowski","Est. reading time":"4 minutes"},"schema":{"@context":"https:\/\/schema.org","@graph":[{"@type":"Article","@id":"https:\/\/socjologia.uwr.edu.pl\/en\/2025\/11\/24\/prof-dragan-bagics-visit\/#article","isPartOf":{"@id":"https:\/\/socjologia.uwr.edu.pl\/en\/2025\/11\/24\/prof-dragan-bagics-visit\/"},"author":{"name":"ppienkowski","@id":"https:\/\/socjologia.uwr.edu.pl\/#\/schema\/person\/6b8459a658947460399bfc7daa6211d5"},"headline":"Prof. Dragan Bagi\u0107\u2019s visit","datePublished":"2025-11-24T15:41:36+00:00","dateModified":"2025-11-24T15:44:09+00:00","mainEntityOfPage":{"@id":"https:\/\/socjologia.uwr.edu.pl\/en\/2025\/11\/24\/prof-dragan-bagics-visit\/"},"wordCount":344,"publisher":{"@id":"https:\/\/socjologia.uwr.edu.pl\/#organization"},"image":{"@id":"https:\/\/socjologia.uwr.edu.pl\/en\/2025\/11\/24\/prof-dragan-bagics-visit\/#primaryimage"},"thumbnailUrl":"https:\/\/socjologia.uwr.edu.pl\/wp-content\/uploads\/sites\/393\/2025\/11\/20251118_115539.jpeg","articleSection":["News"],"inLanguage":"en-US"},{"@type":"WebPage","@id":"https:\/\/socjologia.uwr.edu.pl\/en\/2025\/11\/24\/prof-dragan-bagics-visit\/","url":"https:\/\/socjologia.uwr.edu.pl\/en\/2025\/11\/24\/prof-dragan-bagics-visit\/","name":"Prof. Dragan Bagi\u0107\u2019s visit - Institute of Sociology","isPartOf":{"@id":"https:\/\/socjologia.uwr.edu.pl\/#website"},"primaryImageOfPage":{"@id":"https:\/\/socjologia.uwr.edu.pl\/en\/2025\/11\/24\/prof-dragan-bagics-visit\/#primaryimage"},"image":{"@id":"https:\/\/socjologia.uwr.edu.pl\/en\/2025\/11\/24\/prof-dragan-bagics-visit\/#primaryimage"},"thumbnailUrl":"https:\/\/socjologia.uwr.edu.pl\/wp-content\/uploads\/sites\/393\/2025\/11\/20251118_115539.jpeg","datePublished":"2025-11-24T15:41:36+00:00","dateModified":"2025-11-24T15:44:09+00:00","breadcrumb":{"@id":"https:\/\/socjologia.uwr.edu.pl\/en\/2025\/11\/24\/prof-dragan-bagics-visit\/#breadcrumb"},"inLanguage":"en-US","potentialAction":[{"@type":"ReadAction","target":["https:\/\/socjologia.uwr.edu.pl\/en\/2025\/11\/24\/prof-dragan-bagics-visit\/"]}]},{"@type":"ImageObject","inLanguage":"en-US","@id":"https:\/\/socjologia.uwr.edu.pl\/en\/2025\/11\/24\/prof-dragan-bagics-visit\/#primaryimage","url":"https:\/\/socjologia.uwr.edu.pl\/wp-content\/uploads\/sites\/393\/2025\/11\/20251118_115539.jpeg","contentUrl":"https:\/\/socjologia.uwr.edu.pl\/wp-content\/uploads\/sites\/393\/2025\/11\/20251118_115539.jpeg","width":640,"height":288,"caption":"prof. Bagi\u0107"},{"@type":"BreadcrumbList","@id":"https:\/\/socjologia.uwr.edu.pl\/en\/2025\/11\/24\/prof-dragan-bagics-visit\/#breadcrumb","itemListElement":[{"@type":"ListItem","position":1,"name":"Strona g\u0142\u00f3wna","item":"https:\/\/socjologia.uwr.edu.pl\/en\/"},{"@type":"ListItem","position":2,"name":"Prof. Dragan Bagi\u0107\u2019s visit"}]},{"@type":"WebSite","@id":"https:\/\/socjologia.uwr.edu.pl\/#website","url":"https:\/\/socjologia.uwr.edu.pl\/","name":"Institute of Sociology","description":"Kolejna witryna sieci \u201eUWR Witryny\u201d","publisher":{"@id":"https:\/\/socjologia.uwr.edu.pl\/#organization"},"potentialAction":[{"@type":"SearchAction","target":{"@type":"EntryPoint","urlTemplate":"https:\/\/socjologia.uwr.edu.pl\/?s={search_term_string}"},"query-input":{"@type":"PropertyValueSpecification","valueRequired":true,"valueName":"search_term_string"}}],"inLanguage":"en-US"},{"@type":"Organization","@id":"https:\/\/socjologia.uwr.edu.pl\/#organization","name":"Institute of Sociology","url":"https:\/\/socjologia.uwr.edu.pl\/","logo":{"@type":"ImageObject","inLanguage":"en-US","@id":"https:\/\/socjologia.uwr.edu.pl\/#\/schema\/logo\/image\/","url":"https:\/\/socjologia.uwr.edu.pl\/wp-content\/uploads\/sites\/393\/2025\/10\/UWr-logotyp-2025.png","contentUrl":"https:\/\/socjologia.uwr.edu.pl\/wp-content\/uploads\/sites\/393\/2025\/10\/UWr-logotyp-2025.png","width":764,"height":269,"caption":"Institute of Sociology"},"image":{"@id":"https:\/\/socjologia.uwr.edu.pl\/#\/schema\/logo\/image\/"}},{"@type":"Person","@id":"https:\/\/socjologia.uwr.edu.pl\/#\/schema\/person\/6b8459a658947460399bfc7daa6211d5","name":"ppienkowski","image":{"@type":"ImageObject","inLanguage":"en-US","@id":"https:\/\/socjologia.uwr.edu.pl\/#\/schema\/person\/image\/","url":"https:\/\/secure.gravatar.com\/avatar\/8500f26799749cd9f8389a8b21f84c2f5309c27dc1bdfdbe87f9c0ec2d1b41b7?s=96&d=mm&r=g","contentUrl":"https:\/\/secure.gravatar.com\/avatar\/8500f26799749cd9f8389a8b21f84c2f5309c27dc1bdfdbe87f9c0ec2d1b41b7?s=96&d=mm&r=g","caption":"ppienkowski"},"url":"https:\/\/socjologia.uwr.edu.pl\/en\/author\/ppienkowski\/"}]}},"publishpress_future_action":{"enabled":false,"date":"2026-05-07 15:40:37","action":"change-status","newStatus":"draft","terms":[],"taxonomy":"category","extraData":[]},"publishpress_future_workflow_manual_trigger":{"enabledWorkflows":[]},"_links":{"self":[{"href":"https:\/\/socjologia.uwr.edu.pl\/en\/wp-json\/wp\/v2\/posts\/37461\/"}],"collection":[{"href":"https:\/\/socjologia.uwr.edu.pl\/en\/wp-json\/wp\/v2\/posts\/"}],"about":[{"href":"https:\/\/socjologia.uwr.edu.pl\/en\/wp-json\/wp\/v2\/types\/post\/"}],"author":[{"embeddable":true,"href":"https:\/\/socjologia.uwr.edu.pl\/en\/wp-json\/wp\/v2\/users\/1839\/"}],"replies":[{"embeddable":true,"href":"https:\/\/socjologia.uwr.edu.pl\/en\/wp-json\/wp\/v2\/comments\/?post=37461"}],"version-history":[{"count":3,"href":"https:\/\/socjologia.uwr.edu.pl\/en\/wp-json\/wp\/v2\/posts\/37461\/revisions\/"}],"predecessor-version":[{"id":37476,"href":"https:\/\/socjologia.uwr.edu.pl\/en\/wp-json\/wp\/v2\/posts\/37461\/revisions\/37476\/"}],"wp:featuredmedia":[{"embeddable":true,"href":"https:\/\/socjologia.uwr.edu.pl\/en\/wp-json\/wp\/v2\/media\/37398\/"}],"wp:attachment":[{"href":"https:\/\/socjologia.uwr.edu.pl\/en\/wp-json\/wp\/v2\/media\/?parent=37461"}],"wp:term":[{"taxonomy":"category","embeddable":true,"href":"https:\/\/socjologia.uwr.edu.pl\/en\/wp-json\/wp\/v2\/categories\/?post=37461"},{"taxonomy":"post_tag","embeddable":true,"href":"https:\/\/socjologia.uwr.edu.pl\/en\/wp-json\/wp\/v2\/tags\/?post=37461"}],"curies":[{"name":"wp","href":"https:\/\/api.w.org\/{rel}","templated":true}]}}