{"id":35257,"date":"2025-04-23T18:15:24","date_gmt":"2025-04-23T16:15:24","guid":{"rendered":"https:\/\/socjologia.uwr.edu.pl\/?p=35257"},"modified":"2025-04-23T18:17:29","modified_gmt":"2025-04-23T16:17:29","slug":"prof-frederic-vandenberghes-visit-lecture-and-seminar","status":"publish","type":"post","link":"https:\/\/socjologia.uwr.edu.pl\/en\/2025\/04\/23\/prof-frederic-vandenberghes-visit-lecture-and-seminar\/","title":{"rendered":"Prof. Fr\u00e9d\u00e9ric Vandenberghe&#8217;s Visit: Lecture and Seminar"},"content":{"rendered":"\n<p>We are pleased to announce the upcoming meetings with Prof. Vandenberghe that will take place at the Faculty of Social Sciences. The event is organized by the Department of Sociology of Gender and Family at the Institute of Sociology, University of Wroc\u0142aw. The visit takes place within the Visiting Professors Program under task no. 9 IDUB of the &#8220;Excellence Initiative &#8211; Research University&#8221; Program (IDUB).<\/p>\n\n\n\n<figure class=\"wp-block-image aligncenter size-large\"><img loading=\"lazy\" decoding=\"async\" width=\"724\" height=\"1024\" src=\"https:\/\/socjologia.uwr.edu.pl\/wp-content\/uploads\/sites\/393\/2025\/04\/image-2-724x1024.png\" alt=\"Open lecture\" class=\"wp-image-35266\" srcset=\"https:\/\/socjologia.uwr.edu.pl\/wp-content\/uploads\/sites\/393\/2025\/04\/image-2-724x1024.png 724w, https:\/\/socjologia.uwr.edu.pl\/wp-content\/uploads\/sites\/393\/2025\/04\/image-2-212x300.png 212w, https:\/\/socjologia.uwr.edu.pl\/wp-content\/uploads\/sites\/393\/2025\/04\/image-2-768x1086.png 768w, https:\/\/socjologia.uwr.edu.pl\/wp-content\/uploads\/sites\/393\/2025\/04\/image-2-1086x1536.png 1086w, https:\/\/socjologia.uwr.edu.pl\/wp-content\/uploads\/sites\/393\/2025\/04\/image-2-1448x2048.png 1448w, https:\/\/socjologia.uwr.edu.pl\/wp-content\/uploads\/sites\/393\/2025\/04\/image-2-17x24.png 17w, https:\/\/socjologia.uwr.edu.pl\/wp-content\/uploads\/sites\/393\/2025\/04\/image-2-25x36.png 25w, https:\/\/socjologia.uwr.edu.pl\/wp-content\/uploads\/sites\/393\/2025\/04\/image-2-34x48.png 34w\" sizes=\"auto, (max-width: 724px) 100vw, 724px\" \/><\/figure>\n\n\n\n<p><strong>Talk: Critical Events, Fluid Conjunctures, Explosive Situations<\/strong><\/p>\n\n\n\n<p>Prof. Vandenberghe will present a social-theoretical framework to analyze critical events and explosive situations in real time. The talk will be based on the book he is currently writing about the political situation in Brazil (2013-2022). The lecture will focus on how critical events (elections, revolts, coups d&#8217;\u00e9tats, wars, etc.) destabilize the routines of action and bring whole systems to the brink. Instead of analyzing the relation between agency and structure, Prof. Vandenberghe will focus on the relation between event and structure and investigate the emergence of fluid conjunctures in times of chaotic social, cultural and political change.<\/p>\n\n\n\n<figure class=\"wp-block-image aligncenter size-large\"><img loading=\"lazy\" decoding=\"async\" width=\"724\" height=\"1024\" src=\"https:\/\/socjologia.uwr.edu.pl\/wp-content\/uploads\/sites\/393\/2025\/04\/image-1-724x1024.png\" alt=\"Open seminar\" class=\"wp-image-35260\" srcset=\"https:\/\/socjologia.uwr.edu.pl\/wp-content\/uploads\/sites\/393\/2025\/04\/image-1-724x1024.png 724w, https:\/\/socjologia.uwr.edu.pl\/wp-content\/uploads\/sites\/393\/2025\/04\/image-1-212x300.png 212w, https:\/\/socjologia.uwr.edu.pl\/wp-content\/uploads\/sites\/393\/2025\/04\/image-1-768x1086.png 768w, https:\/\/socjologia.uwr.edu.pl\/wp-content\/uploads\/sites\/393\/2025\/04\/image-1-1086x1536.png 1086w, https:\/\/socjologia.uwr.edu.pl\/wp-content\/uploads\/sites\/393\/2025\/04\/image-1-1448x2048.png 1448w, https:\/\/socjologia.uwr.edu.pl\/wp-content\/uploads\/sites\/393\/2025\/04\/image-1-17x24.png 17w, https:\/\/socjologia.uwr.edu.pl\/wp-content\/uploads\/sites\/393\/2025\/04\/image-1-25x36.png 25w, https:\/\/socjologia.uwr.edu.pl\/wp-content\/uploads\/sites\/393\/2025\/04\/image-1-34x48.png 34w, https:\/\/socjologia.uwr.edu.pl\/wp-content\/uploads\/sites\/393\/2025\/04\/image-1.png 1920w\" sizes=\"auto, (max-width: 724px) 100vw, 724px\" \/><\/figure>\n\n\n\n<p><strong>Reading Seminar: Political Hermeneutics. Karl Mannheim and the Public Interpretation of Reality<\/strong><\/p>\n\n\n\n<p>The seminar will be dedicated to the sociology of knowledge of Karl Mannheim. Participants, together with the instructor, will present a close reading of Mannheim&#8217;s 1929 article on &#8220;Competition as a Cultural Phenomenon&#8221; and use it as a template for the analysis, diagnosis and critique of competing worldviews (ideologies and utopias) in times of political polarization.<\/p>\n\n\n\n<p>Reading: Mannheim, K. (1952 [1929]): &#8220;Competition as a Cultural Phenomenon&#8221;, pp. 191-229 in <em>Essays on the Sociology of Knowledge<\/em>. London: RKP.<\/p>\n\n\n\n<figure class=\"wp-block-image size-full\"><img loading=\"lazy\" decoding=\"async\" width=\"1024\" height=\"682\" src=\"https:\/\/socjologia.uwr.edu.pl\/wp-content\/uploads\/sites\/393\/2025\/04\/image-3.png\" alt=\"Prof. Fr\u00e9d\u00e9ric Vandenberghe\" class=\"wp-image-35272\" srcset=\"https:\/\/socjologia.uwr.edu.pl\/wp-content\/uploads\/sites\/393\/2025\/04\/image-3.png 1024w, https:\/\/socjologia.uwr.edu.pl\/wp-content\/uploads\/sites\/393\/2025\/04\/image-3-300x200.png 300w, https:\/\/socjologia.uwr.edu.pl\/wp-content\/uploads\/sites\/393\/2025\/04\/image-3-768x512.png 768w, https:\/\/socjologia.uwr.edu.pl\/wp-content\/uploads\/sites\/393\/2025\/04\/image-3-24x16.png 24w, https:\/\/socjologia.uwr.edu.pl\/wp-content\/uploads\/sites\/393\/2025\/04\/image-3-36x24.png 36w, https:\/\/socjologia.uwr.edu.pl\/wp-content\/uploads\/sites\/393\/2025\/04\/image-3-48x32.png 48w\" sizes=\"auto, (max-width: 1024px) 100vw, 1024px\" \/><figcaption class=\"wp-element-caption\">Prof. Fr\u00e9d\u00e9ric Vandenberghe<\/figcaption><\/figure>\n\n\n\n<p><strong>Professor Vandenberghe&#8217;s profile<\/strong><\/p>\n\n\n\n<p>Fr\u00e9d\u00e9ric Vandenberghe is a professor of sociology at the Instituto de Filosofia e de Ci\u00eancias Sociais (IFCS), Federal University of Rio de Janeiro. He has been a visiting professor at several institutions including Martin-Luther-Universit\u00e4t Halle-Wittenberg and Max Weber Kolleg in Erfurt, \u00c9cole des Hautes en Sciences Sociales in Paris (2019 and 2022), and the Institut f\u00fcr Soziologie, Universit\u00e4t Innsbruck. He is currently a Senior Fellow at the Institute of Advanced Studies in Hamburg.<\/p>\n\n\n\n<p>His research interests include the history of social sciences (particularly critical theory, hermeneutics, and phenomenology) and epistemology and ontology (especially critical realism). Among his scholarly achievements are contributions to the sociology of culture and relational sociology, as well as to topics such as modernity, postmodernity, globalization, cosmopolitanism, social movements, collective identities, and global crisis.<\/p>\n\n\n\n<p>He is the author of 11 monographs and over 100 articles; the recipient of 8 academic fellowships in Europe and Asia and 5 research grants, including one funded by the Templeton Foundation, Critical Realism Network, Yale University, USA. He is also a member of numerous research groups, including those in France (MAUSS [Mouvement Anti-Utilitariste dans les Sciences Sociales]), Belgium (CRIDIS [Centre de Recherche Interdisciplinaire D\u00e9veloppement, Institutions, Subjectivit\u00e9], Universit\u00e9 Catholique de Louvain), UK (IACR: International Association for Critical Realism, London), Germany (Georg Simmel Gesellschaft), Denmark (Transor Network &#8211; Research Network for Transdiciplinary Studies on Social Robotics), and the USA (CCS [Center for Cultural Sociology] and Critical Realism Network &#8211; Yale University, New Haven).<\/p>\n\n\n\n<p>We cordially invite you to attend the talk and seminar!<\/p>\n","protected":false},"excerpt":{"rendered":"<p>We are pleased to announce the upcoming meetings with Prof. Vandenberghe that will take place at the Faculty of Social Sciences. The event is organized by the Department of Sociology of Gender and Family at the Institute of Sociology, University of Wroc\u0142aw. The visit takes place within the Visiting Professors Program under task no. 9 [&hellip;]<\/p>\n","protected":false},"author":5364,"featured_media":0,"comment_status":"closed","ping_status":"open","sticky":false,"template":"","format":"standard","meta":{"_acf_changed":false,"inline_featured_image":false,"site-sidebar-layout":"default","site-content-layout":"","ast-site-content-layout":"default","site-content-style":"default","site-sidebar-style":"default","ast-global-header-display":"","ast-banner-title-visibility":"","ast-main-header-display":"","ast-hfb-above-header-display":"","ast-hfb-below-header-display":"","ast-hfb-mobile-header-display":"","site-post-title":"","ast-breadcrumbs-content":"","ast-featured-img":"","footer-sml-layout":"","ast-disable-related-posts":"","theme-transparent-header-meta":"","adv-header-id-meta":"","stick-header-meta":"","header-above-stick-meta":"","header-main-stick-meta":"","header-below-stick-meta":"","astra-migrate-meta-layouts":"set","ast-page-background-enabled":"default","ast-page-background-meta":{"desktop":{"background-color":"","background-image":"","background-repeat":"repeat","background-position":"center center","background-size":"auto","background-attachment":"scroll","background-type":"","background-media":"","overlay-type":"","overlay-color":"","overlay-opacity":"","overlay-gradient":""},"tablet":{"background-color":"","background-image":"","background-repeat":"repeat","background-position":"center center","background-size":"auto","background-attachment":"scroll","background-type":"","background-media":"","overlay-type":"","overlay-color":"","overlay-opacity":"","overlay-gradient":""},"mobile":{"background-color":"","background-image":"","background-repeat":"repeat","background-position":"center center","background-size":"auto","background-attachment":"scroll","background-type":"","background-media":"","overlay-type":"","overlay-color":"","overlay-opacity":"","overlay-gradient":""}},"ast-content-background-meta":{"desktop":{"background-color":"var(--ast-global-color-5)","background-image":"","background-repeat":"repeat","background-position":"center center","background-size":"auto","background-attachment":"scroll","background-type":"","background-media":"","overlay-type":"","overlay-color":"","overlay-opacity":"","overlay-gradient":""},"tablet":{"background-color":"var(--ast-global-color-5)","background-image":"","background-repeat":"repeat","background-position":"center center","background-size":"auto","background-attachment":"scroll","background-type":"","background-media":"","overlay-type":"","overlay-color":"","overlay-opacity":"","overlay-gradient":""},"mobile":{"background-color":"var(--ast-global-color-5)","background-image":"","background-repeat":"repeat","background-position":"center center","background-size":"auto","background-attachment":"scroll","background-type":"","background-media":"","overlay-type":"","overlay-color":"","overlay-opacity":"","overlay-gradient":""}},"footnotes":""},"categories":[280],"tags":[],"class_list":["post-35257","post","type-post","status-publish","format-standard","hentry","category-news"],"featured_image_urls_v2":{"full":"","thumbnail":"","medium":"","medium_large":"","large":"","1536x1536":"","2048x2048":"","menu-24x24":"","menu-36x36":"","menu-48x48":""},"post_excerpt_stackable_v2":"<p>We are pleased to announce the upcoming meetings with Prof. Vandenberghe that will take place at the Faculty of Social Sciences. The event is organized by the Department of Sociology of Gender and Family at the Institute of Sociology, University of Wroc\u0142aw. The visit takes place within the Visiting Professors Program under task no. 9 IDUB of the &#8220;Excellence Initiative &#8211; Research University&#8221; Program (IDUB). Talk: Critical Events, Fluid Conjunctures, Explosive Situations Prof. Vandenberghe will present a social-theoretical framework to analyze critical events and explosive situations in real time. The talk will be based on the book he is currently&hellip;<\/p>\n","category_list_v2":"<a href=\"https:\/\/socjologia.uwr.edu.pl\/en\/category\/news\/\" rel=\"category tag\">News<\/a>","author_info_v2":{"name":"stanislaw.krawczyk@uwr.edu.pl","url":"https:\/\/socjologia.uwr.edu.pl\/en\/author\/stanislaw-krawczykuwr-edu-pl\/"},"comments_num_v2":"0 comments","acf":[],"yoast_head":"<!-- This site is optimized with the Yoast SEO plugin v27.1.1 - https:\/\/yoast.com\/product\/yoast-seo-wordpress\/ -->\n<title>Prof. Fr\u00e9d\u00e9ric Vandenberghe&#039;s Visit: Lecture and Seminar - Institute of Sociology<\/title>\n<meta name=\"robots\" content=\"index, follow, max-snippet:-1, max-image-preview:large, max-video-preview:-1\" \/>\n<link rel=\"canonical\" href=\"https:\/\/socjologia.uwr.edu.pl\/en\/2025\/04\/23\/prof-frederic-vandenberghes-visit-lecture-and-seminar\/\" \/>\n<meta property=\"og:locale\" content=\"en_US\" \/>\n<meta property=\"og:type\" content=\"article\" \/>\n<meta property=\"og:title\" content=\"Prof. Fr\u00e9d\u00e9ric Vandenberghe&#039;s Visit: Lecture and Seminar - Institute of Sociology\" \/>\n<meta property=\"og:description\" content=\"We are pleased to announce the upcoming meetings with Prof. Vandenberghe that will take place at the Faculty of Social Sciences. The event is organized by the Department of Sociology of Gender and Family at the Institute of Sociology, University of Wroc\u0142aw. The visit takes place within the Visiting Professors Program under task no. 9 [&hellip;]\" \/>\n<meta property=\"og:url\" content=\"https:\/\/socjologia.uwr.edu.pl\/en\/2025\/04\/23\/prof-frederic-vandenberghes-visit-lecture-and-seminar\/\" \/>\n<meta property=\"og:site_name\" content=\"Institute of Sociology\" \/>\n<meta property=\"article:published_time\" content=\"2025-04-23T16:15:24+00:00\" \/>\n<meta property=\"article:modified_time\" content=\"2025-04-23T16:17:29+00:00\" \/>\n<meta property=\"og:image\" content=\"https:\/\/socjologia.uwr.edu.pl\/wp-content\/uploads\/sites\/393\/2025\/04\/image-2.png\" \/>\n\t<meta property=\"og:image:width\" content=\"3306\" \/>\n\t<meta property=\"og:image:height\" content=\"4677\" \/>\n\t<meta property=\"og:image:type\" content=\"image\/png\" \/>\n<meta name=\"author\" content=\"stanislaw.krawczyk@uwr.edu.pl\" \/>\n<meta name=\"twitter:card\" content=\"summary_large_image\" \/>\n<meta name=\"twitter:label1\" content=\"Written by\" \/>\n\t<meta name=\"twitter:data1\" content=\"stanislaw.krawczyk@uwr.edu.pl\" \/>\n\t<meta name=\"twitter:label2\" content=\"Est. reading time\" \/>\n\t<meta name=\"twitter:data2\" content=\"4 minutes\" \/>\n<script type=\"application\/ld+json\" class=\"yoast-schema-graph\">{\"@context\":\"https:\/\/schema.org\",\"@graph\":[{\"@type\":\"Article\",\"@id\":\"https:\/\/socjologia.uwr.edu.pl\/en\/2025\/04\/23\/prof-frederic-vandenberghes-visit-lecture-and-seminar\/#article\",\"isPartOf\":{\"@id\":\"https:\/\/socjologia.uwr.edu.pl\/en\/2025\/04\/23\/prof-frederic-vandenberghes-visit-lecture-and-seminar\/\"},\"author\":{\"name\":\"stanislaw.krawczyk@uwr.edu.pl\",\"@id\":\"https:\/\/socjologia.uwr.edu.pl\/#\/schema\/person\/b01aa427bee22f1b5ef2a7d94d23f8b8\"},\"headline\":\"Prof. Fr\u00e9d\u00e9ric Vandenberghe&#8217;s Visit: Lecture and Seminar\",\"datePublished\":\"2025-04-23T16:15:24+00:00\",\"dateModified\":\"2025-04-23T16:17:29+00:00\",\"mainEntityOfPage\":{\"@id\":\"https:\/\/socjologia.uwr.edu.pl\/en\/2025\/04\/23\/prof-frederic-vandenberghes-visit-lecture-and-seminar\/\"},\"wordCount\":527,\"publisher\":{\"@id\":\"https:\/\/socjologia.uwr.edu.pl\/#organization\"},\"image\":{\"@id\":\"https:\/\/socjologia.uwr.edu.pl\/en\/2025\/04\/23\/prof-frederic-vandenberghes-visit-lecture-and-seminar\/#primaryimage\"},\"thumbnailUrl\":\"https:\/\/socjologia.uwr.edu.pl\/wp-content\/uploads\/sites\/393\/2025\/04\/image-2-724x1024.png\",\"articleSection\":[\"News\"],\"inLanguage\":\"en-US\"},{\"@type\":\"WebPage\",\"@id\":\"https:\/\/socjologia.uwr.edu.pl\/en\/2025\/04\/23\/prof-frederic-vandenberghes-visit-lecture-and-seminar\/\",\"url\":\"https:\/\/socjologia.uwr.edu.pl\/en\/2025\/04\/23\/prof-frederic-vandenberghes-visit-lecture-and-seminar\/\",\"name\":\"Prof. Fr\u00e9d\u00e9ric Vandenberghe's Visit: Lecture and Seminar - Institute of Sociology\",\"isPartOf\":{\"@id\":\"https:\/\/socjologia.uwr.edu.pl\/#website\"},\"primaryImageOfPage\":{\"@id\":\"https:\/\/socjologia.uwr.edu.pl\/en\/2025\/04\/23\/prof-frederic-vandenberghes-visit-lecture-and-seminar\/#primaryimage\"},\"image\":{\"@id\":\"https:\/\/socjologia.uwr.edu.pl\/en\/2025\/04\/23\/prof-frederic-vandenberghes-visit-lecture-and-seminar\/#primaryimage\"},\"thumbnailUrl\":\"https:\/\/socjologia.uwr.edu.pl\/wp-content\/uploads\/sites\/393\/2025\/04\/image-2-724x1024.png\",\"datePublished\":\"2025-04-23T16:15:24+00:00\",\"dateModified\":\"2025-04-23T16:17:29+00:00\",\"breadcrumb\":{\"@id\":\"https:\/\/socjologia.uwr.edu.pl\/en\/2025\/04\/23\/prof-frederic-vandenberghes-visit-lecture-and-seminar\/#breadcrumb\"},\"inLanguage\":\"en-US\",\"potentialAction\":[{\"@type\":\"ReadAction\",\"target\":[\"https:\/\/socjologia.uwr.edu.pl\/en\/2025\/04\/23\/prof-frederic-vandenberghes-visit-lecture-and-seminar\/\"]}]},{\"@type\":\"ImageObject\",\"inLanguage\":\"en-US\",\"@id\":\"https:\/\/socjologia.uwr.edu.pl\/en\/2025\/04\/23\/prof-frederic-vandenberghes-visit-lecture-and-seminar\/#primaryimage\",\"url\":\"https:\/\/socjologia.uwr.edu.pl\/wp-content\/uploads\/sites\/393\/2025\/04\/image-2-724x1024.png\",\"contentUrl\":\"https:\/\/socjologia.uwr.edu.pl\/wp-content\/uploads\/sites\/393\/2025\/04\/image-2-724x1024.png\"},{\"@type\":\"BreadcrumbList\",\"@id\":\"https:\/\/socjologia.uwr.edu.pl\/en\/2025\/04\/23\/prof-frederic-vandenberghes-visit-lecture-and-seminar\/#breadcrumb\",\"itemListElement\":[{\"@type\":\"ListItem\",\"position\":1,\"name\":\"Strona g\u0142\u00f3wna\",\"item\":\"https:\/\/socjologia.uwr.edu.pl\/en\/\"},{\"@type\":\"ListItem\",\"position\":2,\"name\":\"Prof. Fr\u00e9d\u00e9ric Vandenberghe&#8217;s Visit: Lecture and Seminar\"}]},{\"@type\":\"WebSite\",\"@id\":\"https:\/\/socjologia.uwr.edu.pl\/#website\",\"url\":\"https:\/\/socjologia.uwr.edu.pl\/\",\"name\":\"Institute of Sociology\",\"description\":\"Kolejna witryna sieci \u201eUWR Witryny\u201d\",\"publisher\":{\"@id\":\"https:\/\/socjologia.uwr.edu.pl\/#organization\"},\"potentialAction\":[{\"@type\":\"SearchAction\",\"target\":{\"@type\":\"EntryPoint\",\"urlTemplate\":\"https:\/\/socjologia.uwr.edu.pl\/?s={search_term_string}\"},\"query-input\":{\"@type\":\"PropertyValueSpecification\",\"valueRequired\":true,\"valueName\":\"search_term_string\"}}],\"inLanguage\":\"en-US\"},{\"@type\":\"Organization\",\"@id\":\"https:\/\/socjologia.uwr.edu.pl\/#organization\",\"name\":\"Institute of Sociology\",\"url\":\"https:\/\/socjologia.uwr.edu.pl\/\",\"logo\":{\"@type\":\"ImageObject\",\"inLanguage\":\"en-US\",\"@id\":\"https:\/\/socjologia.uwr.edu.pl\/#\/schema\/logo\/image\/\",\"url\":\"https:\/\/socjologia.uwr.edu.pl\/wp-content\/uploads\/sites\/393\/2025\/10\/UWr-logotyp-2025.png\",\"contentUrl\":\"https:\/\/socjologia.uwr.edu.pl\/wp-content\/uploads\/sites\/393\/2025\/10\/UWr-logotyp-2025.png\",\"width\":764,\"height\":269,\"caption\":\"Institute of Sociology\"},\"image\":{\"@id\":\"https:\/\/socjologia.uwr.edu.pl\/#\/schema\/logo\/image\/\"}},{\"@type\":\"Person\",\"@id\":\"https:\/\/socjologia.uwr.edu.pl\/#\/schema\/person\/b01aa427bee22f1b5ef2a7d94d23f8b8\",\"name\":\"stanislaw.krawczyk@uwr.edu.pl\",\"image\":{\"@type\":\"ImageObject\",\"inLanguage\":\"en-US\",\"@id\":\"https:\/\/socjologia.uwr.edu.pl\/#\/schema\/person\/image\/\",\"url\":\"https:\/\/secure.gravatar.com\/avatar\/fd5c07397d225df312ac19aceafee9af4dd9fe098da8a52367e00c530e723b5f?s=96&d=mm&r=g\",\"contentUrl\":\"https:\/\/secure.gravatar.com\/avatar\/fd5c07397d225df312ac19aceafee9af4dd9fe098da8a52367e00c530e723b5f?s=96&d=mm&r=g\",\"caption\":\"stanislaw.krawczyk@uwr.edu.pl\"},\"url\":\"https:\/\/socjologia.uwr.edu.pl\/en\/author\/stanislaw-krawczykuwr-edu-pl\/\"}]}<\/script>\n<!-- \/ Yoast SEO plugin. -->","yoast_head_json":{"title":"Prof. Fr\u00e9d\u00e9ric Vandenberghe's Visit: Lecture and Seminar - Institute of Sociology","robots":{"index":"index","follow":"follow","max-snippet":"max-snippet:-1","max-image-preview":"max-image-preview:large","max-video-preview":"max-video-preview:-1"},"canonical":"https:\/\/socjologia.uwr.edu.pl\/en\/2025\/04\/23\/prof-frederic-vandenberghes-visit-lecture-and-seminar\/","og_locale":"en_US","og_type":"article","og_title":"Prof. Fr\u00e9d\u00e9ric Vandenberghe's Visit: Lecture and Seminar - Institute of Sociology","og_description":"We are pleased to announce the upcoming meetings with Prof. Vandenberghe that will take place at the Faculty of Social Sciences. The event is organized by the Department of Sociology of Gender and Family at the Institute of Sociology, University of Wroc\u0142aw. The visit takes place within the Visiting Professors Program under task no. 9 [&hellip;]","og_url":"https:\/\/socjologia.uwr.edu.pl\/en\/2025\/04\/23\/prof-frederic-vandenberghes-visit-lecture-and-seminar\/","og_site_name":"Institute of Sociology","article_published_time":"2025-04-23T16:15:24+00:00","article_modified_time":"2025-04-23T16:17:29+00:00","og_image":[{"width":3306,"height":4677,"url":"https:\/\/socjologia.uwr.edu.pl\/wp-content\/uploads\/sites\/393\/2025\/04\/image-2.png","type":"image\/png"}],"author":"stanislaw.krawczyk@uwr.edu.pl","twitter_card":"summary_large_image","twitter_misc":{"Written by":"stanislaw.krawczyk@uwr.edu.pl","Est. reading time":"4 minutes"},"schema":{"@context":"https:\/\/schema.org","@graph":[{"@type":"Article","@id":"https:\/\/socjologia.uwr.edu.pl\/en\/2025\/04\/23\/prof-frederic-vandenberghes-visit-lecture-and-seminar\/#article","isPartOf":{"@id":"https:\/\/socjologia.uwr.edu.pl\/en\/2025\/04\/23\/prof-frederic-vandenberghes-visit-lecture-and-seminar\/"},"author":{"name":"stanislaw.krawczyk@uwr.edu.pl","@id":"https:\/\/socjologia.uwr.edu.pl\/#\/schema\/person\/b01aa427bee22f1b5ef2a7d94d23f8b8"},"headline":"Prof. Fr\u00e9d\u00e9ric Vandenberghe&#8217;s Visit: Lecture and Seminar","datePublished":"2025-04-23T16:15:24+00:00","dateModified":"2025-04-23T16:17:29+00:00","mainEntityOfPage":{"@id":"https:\/\/socjologia.uwr.edu.pl\/en\/2025\/04\/23\/prof-frederic-vandenberghes-visit-lecture-and-seminar\/"},"wordCount":527,"publisher":{"@id":"https:\/\/socjologia.uwr.edu.pl\/#organization"},"image":{"@id":"https:\/\/socjologia.uwr.edu.pl\/en\/2025\/04\/23\/prof-frederic-vandenberghes-visit-lecture-and-seminar\/#primaryimage"},"thumbnailUrl":"https:\/\/socjologia.uwr.edu.pl\/wp-content\/uploads\/sites\/393\/2025\/04\/image-2-724x1024.png","articleSection":["News"],"inLanguage":"en-US"},{"@type":"WebPage","@id":"https:\/\/socjologia.uwr.edu.pl\/en\/2025\/04\/23\/prof-frederic-vandenberghes-visit-lecture-and-seminar\/","url":"https:\/\/socjologia.uwr.edu.pl\/en\/2025\/04\/23\/prof-frederic-vandenberghes-visit-lecture-and-seminar\/","name":"Prof. Fr\u00e9d\u00e9ric Vandenberghe's Visit: Lecture and Seminar - Institute of Sociology","isPartOf":{"@id":"https:\/\/socjologia.uwr.edu.pl\/#website"},"primaryImageOfPage":{"@id":"https:\/\/socjologia.uwr.edu.pl\/en\/2025\/04\/23\/prof-frederic-vandenberghes-visit-lecture-and-seminar\/#primaryimage"},"image":{"@id":"https:\/\/socjologia.uwr.edu.pl\/en\/2025\/04\/23\/prof-frederic-vandenberghes-visit-lecture-and-seminar\/#primaryimage"},"thumbnailUrl":"https:\/\/socjologia.uwr.edu.pl\/wp-content\/uploads\/sites\/393\/2025\/04\/image-2-724x1024.png","datePublished":"2025-04-23T16:15:24+00:00","dateModified":"2025-04-23T16:17:29+00:00","breadcrumb":{"@id":"https:\/\/socjologia.uwr.edu.pl\/en\/2025\/04\/23\/prof-frederic-vandenberghes-visit-lecture-and-seminar\/#breadcrumb"},"inLanguage":"en-US","potentialAction":[{"@type":"ReadAction","target":["https:\/\/socjologia.uwr.edu.pl\/en\/2025\/04\/23\/prof-frederic-vandenberghes-visit-lecture-and-seminar\/"]}]},{"@type":"ImageObject","inLanguage":"en-US","@id":"https:\/\/socjologia.uwr.edu.pl\/en\/2025\/04\/23\/prof-frederic-vandenberghes-visit-lecture-and-seminar\/#primaryimage","url":"https:\/\/socjologia.uwr.edu.pl\/wp-content\/uploads\/sites\/393\/2025\/04\/image-2-724x1024.png","contentUrl":"https:\/\/socjologia.uwr.edu.pl\/wp-content\/uploads\/sites\/393\/2025\/04\/image-2-724x1024.png"},{"@type":"BreadcrumbList","@id":"https:\/\/socjologia.uwr.edu.pl\/en\/2025\/04\/23\/prof-frederic-vandenberghes-visit-lecture-and-seminar\/#breadcrumb","itemListElement":[{"@type":"ListItem","position":1,"name":"Strona g\u0142\u00f3wna","item":"https:\/\/socjologia.uwr.edu.pl\/en\/"},{"@type":"ListItem","position":2,"name":"Prof. Fr\u00e9d\u00e9ric Vandenberghe&#8217;s Visit: Lecture and Seminar"}]},{"@type":"WebSite","@id":"https:\/\/socjologia.uwr.edu.pl\/#website","url":"https:\/\/socjologia.uwr.edu.pl\/","name":"Institute of Sociology","description":"Kolejna witryna sieci \u201eUWR Witryny\u201d","publisher":{"@id":"https:\/\/socjologia.uwr.edu.pl\/#organization"},"potentialAction":[{"@type":"SearchAction","target":{"@type":"EntryPoint","urlTemplate":"https:\/\/socjologia.uwr.edu.pl\/?s={search_term_string}"},"query-input":{"@type":"PropertyValueSpecification","valueRequired":true,"valueName":"search_term_string"}}],"inLanguage":"en-US"},{"@type":"Organization","@id":"https:\/\/socjologia.uwr.edu.pl\/#organization","name":"Institute of Sociology","url":"https:\/\/socjologia.uwr.edu.pl\/","logo":{"@type":"ImageObject","inLanguage":"en-US","@id":"https:\/\/socjologia.uwr.edu.pl\/#\/schema\/logo\/image\/","url":"https:\/\/socjologia.uwr.edu.pl\/wp-content\/uploads\/sites\/393\/2025\/10\/UWr-logotyp-2025.png","contentUrl":"https:\/\/socjologia.uwr.edu.pl\/wp-content\/uploads\/sites\/393\/2025\/10\/UWr-logotyp-2025.png","width":764,"height":269,"caption":"Institute of Sociology"},"image":{"@id":"https:\/\/socjologia.uwr.edu.pl\/#\/schema\/logo\/image\/"}},{"@type":"Person","@id":"https:\/\/socjologia.uwr.edu.pl\/#\/schema\/person\/b01aa427bee22f1b5ef2a7d94d23f8b8","name":"stanislaw.krawczyk@uwr.edu.pl","image":{"@type":"ImageObject","inLanguage":"en-US","@id":"https:\/\/socjologia.uwr.edu.pl\/#\/schema\/person\/image\/","url":"https:\/\/secure.gravatar.com\/avatar\/fd5c07397d225df312ac19aceafee9af4dd9fe098da8a52367e00c530e723b5f?s=96&d=mm&r=g","contentUrl":"https:\/\/secure.gravatar.com\/avatar\/fd5c07397d225df312ac19aceafee9af4dd9fe098da8a52367e00c530e723b5f?s=96&d=mm&r=g","caption":"stanislaw.krawczyk@uwr.edu.pl"},"url":"https:\/\/socjologia.uwr.edu.pl\/en\/author\/stanislaw-krawczykuwr-edu-pl\/"}]}},"publishpress_future_action":{"enabled":false,"date":"2026-05-06 10:48:53","action":"change-status","newStatus":"draft","terms":[],"taxonomy":"category","extraData":[]},"publishpress_future_workflow_manual_trigger":{"enabledWorkflows":[]},"_links":{"self":[{"href":"https:\/\/socjologia.uwr.edu.pl\/en\/wp-json\/wp\/v2\/posts\/35257\/"}],"collection":[{"href":"https:\/\/socjologia.uwr.edu.pl\/en\/wp-json\/wp\/v2\/posts\/"}],"about":[{"href":"https:\/\/socjologia.uwr.edu.pl\/en\/wp-json\/wp\/v2\/types\/post\/"}],"author":[{"embeddable":true,"href":"https:\/\/socjologia.uwr.edu.pl\/en\/wp-json\/wp\/v2\/users\/5364\/"}],"replies":[{"embeddable":true,"href":"https:\/\/socjologia.uwr.edu.pl\/en\/wp-json\/wp\/v2\/comments\/?post=35257"}],"version-history":[{"count":1,"href":"https:\/\/socjologia.uwr.edu.pl\/en\/wp-json\/wp\/v2\/posts\/35257\/revisions\/"}],"predecessor-version":[{"id":35281,"href":"https:\/\/socjologia.uwr.edu.pl\/en\/wp-json\/wp\/v2\/posts\/35257\/revisions\/35281\/"}],"wp:attachment":[{"href":"https:\/\/socjologia.uwr.edu.pl\/en\/wp-json\/wp\/v2\/media\/?parent=35257"}],"wp:term":[{"taxonomy":"category","embeddable":true,"href":"https:\/\/socjologia.uwr.edu.pl\/en\/wp-json\/wp\/v2\/categories\/?post=35257"},{"taxonomy":"post_tag","embeddable":true,"href":"https:\/\/socjologia.uwr.edu.pl\/en\/wp-json\/wp\/v2\/tags\/?post=35257"}],"curies":[{"name":"wp","href":"https:\/\/api.w.org\/{rel}","templated":true}]}}